{"id":1328,"date":"2026-01-20T18:34:41","date_gmt":"2026-01-20T16:34:41","guid":{"rendered":"https:\/\/enigmathico.eu\/bez-kategorii\/beaumont-de-lomagne-partnerzy-projektu-enigmathico-na-intensywnej-sesji-roboczej\/"},"modified":"2026-01-20T18:56:55","modified_gmt":"2026-01-20T16:56:55","slug":"beaumont-de-lomagne-partnerzy-projektu-enigmathico-na-intensywnej-sesji-roboczej","status":"publish","type":"post","link":"https:\/\/enigmathico.eu\/pl\/bez-kategorii\/beaumont-de-lomagne-partnerzy-projektu-enigmathico-na-intensywnej-sesji-roboczej\/","title":{"rendered":"Beaumont-de-Lomagne: partnerzy projektu ENIGMATHICO na intensywnej sesji roboczej"},"content":{"rendered":"\n<figure class=\"wp-block-image aligncenter size-large is-resized\"><img loading=\"lazy\" decoding=\"async\" width=\"1024\" height=\"768\" src=\"https:\/\/enigmathico.eu\/wp-content\/uploads\/2026\/01\/1763108207297-1024x768.jpg\" alt=\"\" class=\"wp-image-1288\" style=\"width:600px\" srcset=\"https:\/\/enigmathico.eu\/wp-content\/uploads\/2026\/01\/1763108207297-980x735.jpg 980w, https:\/\/enigmathico.eu\/wp-content\/uploads\/2026\/01\/1763108207297-480x360.jpg 480w\" sizes=\"(min-width: 0px) and (max-width: 480px) 480px, (min-width: 481px) and (max-width: 980px) 980px, (min-width: 981px) 1024px, 100vw\" \/><figcaption class=\"wp-element-caption\">Zesp\u00f3\u0142 Enigmathico w Domu Pierre\u2019a de Fermata<\/figcaption><\/figure>\n\n<p>Drugi etap pog\u0142\u0119bionego spotkania europejskiego projektu Erasmus+ ENIGMATHICO odby\u0142 si\u0119 w miejscu urodzenia Pierre\u2019a de Fermata i zgromadzi\u0142 partner\u00f3w z pi\u0119ciu kraj\u00f3w: Grecji, Polski, Francji, Belgii oraz Rumunii, w tym r\u00f3wnie\u017c nauczycieli.<\/p>\n\n<p>Celem trzydniowej sesji by\u0142o z jednej strony zatwierdzenie kluczowego etapu realizacji projektu, z drugiej \u2013 om\u00f3wienie kolejnych dzia\u0142a\u0144. Pracowita atmosfera spotkania harmonijnie \u0142\u0105czy\u0142a powag\u0119 wyzwa\u0144 edukacyjnych z otwarto\u015bci\u0105 i \u017cyczliwo\u015bci\u0105 wynikaj\u0105c\u0105 z mi\u0119dzykulturowej wsp\u00f3\u0142pracy. <\/p>\n\n<p><strong>Faza test\u00f3w: walidacja skrzynek z zagadkami<\/strong><\/p>\n\n<p>Pierwszym istotnym punktem programu by\u0142o testowanie i ewaluacja matematycznych skrzynek z zagadkami opracowanych przez partner\u00f3w projektu. Te innowacyjne narz\u0119dzia edukacyjne \u0142\u0105cz\u0105 matematyk\u0119 i nauki \u015bcis\u0142e z aktualnymi wyzwaniami spo\u0142ecznymi, takimi jak cyberbezpiecze\u0144stwo, zarz\u0105dzanie zasobami wodnymi, ochrona zdrowia, robotyka, eksploracja kosmosu czy ekologia. <\/p>\n\n<figure class=\"wp-block-gallery aligncenter has-nested-images columns-default is-cropped wp-block-gallery-1 is-layout-flex wp-block-gallery-is-layout-flex\">\n<figure class=\"wp-block-image size-large\"><img loading=\"lazy\" decoding=\"async\" width=\"768\" height=\"1024\" data-id=\"1303\" src=\"https:\/\/enigmathico.eu\/wp-content\/uploads\/2026\/01\/1763650359651-768x1024.jpg\" alt=\"\" class=\"wp-image-1303\"\/><figcaption class=\"wp-element-caption\">Faza test\u00f3w<\/figcaption><\/figure>\n\n\n\n<figure class=\"wp-block-image size-large\"><img loading=\"lazy\" decoding=\"async\" width=\"1024\" height=\"1024\" data-id=\"1298\" src=\"https:\/\/enigmathico.eu\/wp-content\/uploads\/2026\/01\/1763650417539-1024x1024.jpg\" alt=\"\" class=\"wp-image-1298\" srcset=\"https:\/\/enigmathico.eu\/wp-content\/uploads\/2026\/01\/1763650417539-980x980.jpg 980w, https:\/\/enigmathico.eu\/wp-content\/uploads\/2026\/01\/1763650417539-480x480.jpg 480w\" sizes=\"(min-width: 0px) and (max-width: 480px) 480px, (min-width: 481px) and (max-width: 980px) 980px, (min-width: 981px) 1024px, 100vw\" \/><figcaption class=\"wp-element-caption\">Testowanie skrzynek<br\/>Walidacja przez nauczyciela<\/figcaption><\/figure>\n\n\n\n<figure class=\"wp-block-image size-large\"><img loading=\"lazy\" decoding=\"async\" width=\"1024\" height=\"768\" data-id=\"1293\" src=\"https:\/\/enigmathico.eu\/wp-content\/uploads\/2026\/01\/IMG_7216-1024x768.jpg\" alt=\"\" class=\"wp-image-1293\" srcset=\"https:\/\/enigmathico.eu\/wp-content\/uploads\/2026\/01\/IMG_7216-980x735.jpg 980w, https:\/\/enigmathico.eu\/wp-content\/uploads\/2026\/01\/IMG_7216-480x360.jpg 480w\" sizes=\"(min-width: 0px) and (max-width: 480px) 480px, (min-width: 481px) and (max-width: 980px) 980px, (min-width: 981px) 1024px, 100vw\" \/><figcaption class=\"wp-element-caption\"><strong>Walidacja przez nauczyciela<\/strong><\/figcaption><\/figure>\n<\/figure>\n\n<p>Uczestnicy spotkania, w tym nauczyciele, wsp\u00f3lnie testowali zagadki, dziel\u0105c si\u0119 konstruktywnymi uwagami. Proces ten mia\u0142 na celu ocen\u0119 poprawno\u015bci merytorycznej, warto\u015bci dydaktycznej oraz mo\u017cliwo\u015bci praktycznego wykorzystania materia\u0142\u00f3w w pracy szkolnej, a w razie potrzeby \u2013 wskazanie obszar\u00f3w wymagaj\u0105cych dopracowania. Wsp\u00f3lna analiza stanowi\u0142a kluczowy element post\u0119pu na tym etapie tworzenia narz\u0119dzi edukacyjnych. <br\/>Istotnym wsparciem by\u0142a obecno\u015b\u0107 dw\u00f3ch francuskich doradc\u00f3w metodycznych w zakresie j\u0119zyk\u00f3w regionalnych oraz nowo\u017cytnych j\u0119zyk\u00f3w obcych, co umo\u017cliwi\u0142o uwzgl\u0119dnienie aspekt\u00f3w adaptacji j\u0119zykowej i kulturowej materia\u0142\u00f3w. Dodatkowo, w spotkaniu uczestniczy\u0142 prezes organizacji Fermat Science, kt\u00f3ry wni\u00f3s\u0142 cenn\u0105 perspektyw\u0119 matematyczn\u0105, wzbogacaj\u0105c dyskusj\u0119 na temat opracowywanych narz\u0119dzi.    <\/p>\n\n<p><strong>Monitorowanie realizacji projektu<\/strong><\/p>\n\n<figure class=\"wp-block-gallery has-nested-images columns-default is-cropped wp-block-gallery-2 is-layout-flex wp-block-gallery-is-layout-flex\">\n<figure class=\"wp-block-image size-large\"><img loading=\"lazy\" decoding=\"async\" width=\"1024\" height=\"768\" data-id=\"1313\" src=\"https:\/\/enigmathico.eu\/wp-content\/uploads\/2026\/01\/IMG_7228-1024x768.jpg\" alt=\"\" class=\"wp-image-1313\" srcset=\"https:\/\/enigmathico.eu\/wp-content\/uploads\/2026\/01\/IMG_7228-980x735.jpg 980w, https:\/\/enigmathico.eu\/wp-content\/uploads\/2026\/01\/IMG_7228-480x360.jpg 480w\" sizes=\"(min-width: 0px) and (max-width: 480px) 480px, (min-width: 481px) and (max-width: 980px) 980px, (min-width: 981px) 1024px, 100vw\" \/><\/figure>\n\n\n\n<figure class=\"wp-block-image size-large\"><img loading=\"lazy\" decoding=\"async\" width=\"1024\" height=\"768\" data-id=\"1308\" src=\"https:\/\/enigmathico.eu\/wp-content\/uploads\/2026\/01\/IMG_7229-1024x768.jpg\" alt=\"\" class=\"wp-image-1308\" srcset=\"https:\/\/enigmathico.eu\/wp-content\/uploads\/2026\/01\/IMG_7229-980x735.jpg 980w, https:\/\/enigmathico.eu\/wp-content\/uploads\/2026\/01\/IMG_7229-480x360.jpg 480w\" sizes=\"(min-width: 0px) and (max-width: 480px) 480px, (min-width: 481px) and (max-width: 980px) 980px, (min-width: 981px) 1024px, 100vw\" \/><\/figure>\n<\/figure>\n\n<p>Druga cz\u0119\u015b\u0107 spotkania po\u015bwi\u0119cona by\u0142a szczeg\u00f3\u0142owemu monitorowaniu post\u0119p\u00f3w projektu. Partnerzy dokonali podsumowania dotychczasowych dzia\u0142a\u0144, zidentyfikowali zadania pozostaj\u0105ce do realizacji oraz zaplanowali kolejne etapy projektu ENIGMATHICO. Bezpo\u015brednia wymiana opinii i do\u015bwiadcze\u0144 sprzyja\u0142a koordynacji dzia\u0142a\u0144 oraz zapewnieniu sp\u00f3jno\u015bci wsp\u00f3\u0142pracy mi\u0119dzynarodowej.  <\/p>\n\n<p><strong>Wsp\u00f3\u0142praca zespo\u0142owa i nieformalne spotkania<\/strong><\/p>\n\n<p>Poza oficjalnymi sesjami roboczymi, spotkanie stworzy\u0142o r\u00f3wnie\u017c przestrze\u0144 do mniej formalnych rozm\u00f3w. Wsp\u00f3lne posi\u0142ki sprzyja\u0142y swobodnej wymianie my\u015bli i budowaniu relacji. Te chwile integracji pozwoli\u0142y partnerom lepiej si\u0119 pozna\u0107, wzmacniaj\u0105c sp\u00f3jno\u015b\u0107 zespo\u0142u \u2013 element kluczowy dla powodzenia projektu o charakterze transnarodowym. <br\/>Podsumowuj\u0105c, pog\u0142\u0119bione spotkanie w Beaumont-de-Lomagne stanowi\u0142o wa\u017cny krok naprz\u00f3d w realizacji projektu ENIGMATHICO. Umo\u017cliwi\u0142o ono konsolidacj\u0119 etapu projektowania narz\u0119dzi edukacyjnych oraz potwierdzi\u0142o silnego ducha wsp\u00f3\u0142pracy i zaanga\u017cowania, kt\u00f3ry towarzyszy zespo\u0142om dzia\u0142aj\u0105cym na rzecz popularyzacji matematyki i nauk \u015bcis\u0142ych w\u015br\u00f3d m\u0142odzie\u017cy.    <\/p>\n","protected":false},"excerpt":{"rendered":"<p>Drugi etap pog\u0142\u0119bionego spotkania europejskiego projektu Erasmus+ ENIGMATHICO odby\u0142 si\u0119 w miejscu urodzenia Pierre\u2019a de Fermata i zgromadzi\u0142 partner\u00f3w z pi\u0119ciu kraj\u00f3w: Grecji, Polski, Francji, Belgii oraz Rumunii, w tym r\u00f3wnie\u017c nauczycieli. Celem trzydniowej sesji by\u0142o z jednej strony zatwierdzenie kluczowego etapu realizacji projektu, z drugiej \u2013 om\u00f3wienie kolejnych dzia\u0142a\u0144. Pracowita atmosfera spotkania harmonijnie \u0142\u0105czy\u0142a [&hellip;]<\/p>\n","protected":false},"author":2,"featured_media":1296,"comment_status":"closed","ping_status":"closed","sticky":false,"template":"","format":"standard","meta":{"_acf_changed":false,"_et_pb_use_builder":"","_et_pb_old_content":"","_et_gb_content_width":"","footnotes":""},"categories":[4],"tags":[],"class_list":["post-1328","post","type-post","status-publish","format-standard","has-post-thumbnail","hentry","category-bez-kategorii"],"acf":[],"_links":{"self":[{"href":"https:\/\/enigmathico.eu\/pl\/wp-json\/wp\/v2\/posts\/1328","targetHints":{"allow":["GET"]}}],"collection":[{"href":"https:\/\/enigmathico.eu\/pl\/wp-json\/wp\/v2\/posts"}],"about":[{"href":"https:\/\/enigmathico.eu\/pl\/wp-json\/wp\/v2\/types\/post"}],"author":[{"embeddable":true,"href":"https:\/\/enigmathico.eu\/pl\/wp-json\/wp\/v2\/users\/2"}],"replies":[{"embeddable":true,"href":"https:\/\/enigmathico.eu\/pl\/wp-json\/wp\/v2\/comments?post=1328"}],"version-history":[{"count":1,"href":"https:\/\/enigmathico.eu\/pl\/wp-json\/wp\/v2\/posts\/1328\/revisions"}],"predecessor-version":[{"id":1329,"href":"https:\/\/enigmathico.eu\/pl\/wp-json\/wp\/v2\/posts\/1328\/revisions\/1329"}],"wp:featuredmedia":[{"embeddable":true,"href":"https:\/\/enigmathico.eu\/pl\/wp-json\/wp\/v2\/media\/1296"}],"wp:attachment":[{"href":"https:\/\/enigmathico.eu\/pl\/wp-json\/wp\/v2\/media?parent=1328"}],"wp:term":[{"taxonomy":"category","embeddable":true,"href":"https:\/\/enigmathico.eu\/pl\/wp-json\/wp\/v2\/categories?post=1328"},{"taxonomy":"post_tag","embeddable":true,"href":"https:\/\/enigmathico.eu\/pl\/wp-json\/wp\/v2\/tags?post=1328"}],"curies":[{"name":"wp","href":"https:\/\/api.w.org\/{rel}","templated":true}]}}